{"id":3412,"date":"2025-08-18T14:10:31","date_gmt":"2025-08-18T12:10:31","guid":{"rendered":"https:\/\/visserbolsward.com\/visser-auf-der-messe-in-assen-dezember-2019\/"},"modified":"2025-08-18T14:10:31","modified_gmt":"2025-08-18T12:10:31","slug":"visser-auf-der-messe-in-assen-dezember-2019","status":"publish","type":"post","link":"https:\/\/visserbolsward.com\/de\/visser-auf-der-messe-in-assen-dezember-2019\/","title":{"rendered":"Visser auf der Messe in Assen Dezember 2019"},"content":{"rendered":"<h1 data-start=\"91\" data-end=\"131\">Visser Bolsward auf der Messe in Assen<\/h1>\n<p data-start=\"133\" data-end=\"338\">Im Dezember 2019 war Visser Bolsward auf der <strong data-start=\"185\" data-end=\"203\">Messe in Assen<\/strong> vertreten. Eine hervorragende Gelegenheit, unsere Maschinen und Innovationen einem breiten Publikum aus der Landwirtschafts- und Mechanisierungsbranche zu pr\u00e4sentieren. <\/p>\n<h2 data-start=\"340\" data-end=\"374\">Ein erfolgreicher Messeauftritt<\/h2>\n<p data-start=\"375\" data-end=\"621\">W\u00e4hrend der Messe hatten Besucher die M\u00f6glichkeit, unsere neuesten Einschl\u00e4mmaschinen und L\u00f6sungen aus n\u00e4chster N\u00e4he zu sehen. Es war eine inspirierende Veranstaltung, bei der wir mit Landwirten, H\u00e4ndlern und anderen Fachleuten der Branche ins Gespr\u00e4ch kamen. <\/p>\n<h2 data-start=\"623\" data-end=\"646\">Visser in den Medien<\/h2>\n<p data-start=\"647\" data-end=\"976\">Unser Messeauftritt blieb nicht unbemerkt. Die Fachzeitschrift <strong data-start=\"697\" data-end=\"721\">LandbouwMechanisatie <\/strong>ver\u00f6ffentlichte einen Artikel \u00fcber unseren Ansatz und unsere Produkte. Lesen Sie den vollst\u00e4ndigen Bericht hier:<br data-start=\"805\" data-end=\"808\"><a class=\"\" href=\"https:\/\/www.mechaman.nl\/landbouwmechanisatie\/2019\/12\/12\/visser-pakt-zelf-verkoop-inschuurmachines-op\/\" target=\"_new\" rel=\"noopener\" data-start=\"811\" data-end=\"974\">\ud83d\udc49 Visser \u00fcbernimmt den Vertrieb von Einschl\u00e4mmaschinen (Mechaman.nl)<\/a>  <\/p>\n<h2 data-start=\"978\" data-end=\"1013\">Warum Messen wichtig sind<\/h2>\n<p data-start=\"1014\" data-end=\"1052\">F\u00fcr uns sind Messen der ideale Moment, um:<\/p>\n<ul data-start=\"1053\" data-end=\"1215\">\n<li data-start=\"1053\" data-end=\"1101\">\n<p data-start=\"1055\" data-end=\"1101\">Innovationen und neue Maschinen zu pr\u00e4sentieren<\/p>\n<\/li>\n<li data-start=\"1102\" data-end=\"1148\">\n<p data-start=\"1104\" data-end=\"1148\">Direktes Feedback von Anwendern zu erhalten<\/p>\n<\/li>\n<li data-start=\"1149\" data-end=\"1215\">\n<p data-start=\"1151\" data-end=\"1215\">Neue Kontakte zu kn\u00fcpfen und bestehende Beziehungen zu st\u00e4rken<\/p>\n<\/li>\n<\/ul>\n<h2 data-start=\"1217\" data-end=\"1234\">Blick nach vorn<\/h2>\n<p data-start=\"1235\" data-end=\"1463\">Nach diesem erfolgreichen Messeauftritt freuen wir uns auf zuk\u00fcnftige Messen und Veranstaltungen.<br \/>Wir werden unsere L\u00f6sungen weiterhin pr\u00e4sentieren, denn wir sind \u00fcberzeugt, dass man die St\u00e4rke von Visser am besten erlebt, wenn man unsere Maschinen selbst in Aktion sieht. <\/p>\n","protected":false},"excerpt":{"rendered":"<p>Visser Bolsward auf der Messe in Assen Im Dezember 2019 war Visser Bolsward auf der Messe in Assen vertreten. Eine hervorragende Gelegenheit, unsere Maschinen und Innovationen einem breiten Publikum aus der Landwirtschafts- und Mechanisierungsbranche zu pr\u00e4sentieren. Ein erfolgreicher Messeauftritt W\u00e4hrend der Messe hatten Besucher die M\u00f6glichkeit, unsere neuesten Einschl\u00e4mmaschinen und L\u00f6sungen aus n\u00e4chster N\u00e4he zu [&hellip;]<\/p>\n","protected":false},"author":1,"featured_media":3248,"comment_status":"closed","ping_status":"closed","sticky":false,"template":"","format":"standard","meta":{"wds_primary_category":0,"footnotes":""},"categories":[15],"tags":[],"sectoren":[],"class_list":["post-3412","post","type-post","status-publish","format-standard","has-post-thumbnail","hentry","category-nicht-kategorisiert"],"_links":{"self":[{"href":"https:\/\/visserbolsward.com\/de\/wp-json\/wp\/v2\/posts\/3412","targetHints":{"allow":["GET"]}}],"collection":[{"href":"https:\/\/visserbolsward.com\/de\/wp-json\/wp\/v2\/posts"}],"about":[{"href":"https:\/\/visserbolsward.com\/de\/wp-json\/wp\/v2\/types\/post"}],"author":[{"embeddable":true,"href":"https:\/\/visserbolsward.com\/de\/wp-json\/wp\/v2\/users\/1"}],"replies":[{"embeddable":true,"href":"https:\/\/visserbolsward.com\/de\/wp-json\/wp\/v2\/comments?post=3412"}],"version-history":[{"count":0,"href":"https:\/\/visserbolsward.com\/de\/wp-json\/wp\/v2\/posts\/3412\/revisions"}],"wp:featuredmedia":[{"embeddable":true,"href":"https:\/\/visserbolsward.com\/de\/wp-json\/wp\/v2\/media\/3248"}],"wp:attachment":[{"href":"https:\/\/visserbolsward.com\/de\/wp-json\/wp\/v2\/media?parent=3412"}],"wp:term":[{"taxonomy":"category","embeddable":true,"href":"https:\/\/visserbolsward.com\/de\/wp-json\/wp\/v2\/categories?post=3412"},{"taxonomy":"post_tag","embeddable":true,"href":"https:\/\/visserbolsward.com\/de\/wp-json\/wp\/v2\/tags?post=3412"},{"taxonomy":"sectoren","embeddable":true,"href":"https:\/\/visserbolsward.com\/de\/wp-json\/wp\/v2\/sectoren?post=3412"}],"curies":[{"name":"wp","href":"https:\/\/api.w.org\/{rel}","templated":true}]}}